{"id":3989,"date":"2021-08-02T22:08:16","date_gmt":"2021-08-02T20:08:16","guid":{"rendered":"https:\/\/gwendreams.com\/?p=3989"},"modified":"2023-11-02T13:57:24","modified_gmt":"2023-11-02T12:57:24","slug":"en-juillet-ca-chamionne-un-chat-en-fourgon-au-coeur-des-pyrenees","status":"publish","type":"post","link":"https:\/\/gwendreams.com\/index.php\/2021\/08\/02\/en-juillet-ca-chamionne-un-chat-en-fourgon-au-coeur-des-pyrenees\/","title":{"rendered":"Ca chamionne : un chat en fourgon au coeur des Pyr\u00e9n\u00e9es"},"content":{"rendered":"\n<p><\/p>\n\n\n\n<h2 class=\"wp-block-heading\">Chercher la fra\u00eecheur<\/h2>\n\n\n\n<p class=\"has-text-align-justify\">Juillet en Espagne, il fait chaud et c&rsquo;est peu de le dire ! On a d\u00e9pass\u00e9 les quarante, la vie ralentit.<br>Alors, quand l&rsquo;opportunit\u00e9 se pr\u00e9sente enfin de s&rsquo;\u00e9chapper de la fournaise vers la fra\u00eecheur de la montagne, on charge le chat dans le fourgon, on fait quelques provisions et en route vers le <a href=\"https:\/\/www.visitvaldaran.com\/fr\/\" target=\"_blank\" rel=\"noreferrer noopener\">Val d&rsquo;Aran<\/a> dans les Pyr\u00e9n\u00e9es. On ne peut pas dire que le f\u00e9lin appr\u00e9cie beaucoup le trajet, depuis sa cage de transport, surtout que ce qu&rsquo;il d\u00e9teste, c&rsquo;est les virages, alors \u00e7a a miaul\u00e9 amplement dans la cabine. Tout du long &#8230;<\/p>\n\n\n\n<p class=\"has-text-align-justify\"><br><\/p>\n\n\n<div class=\"wp-block-image\">\n<figure class=\"aligncenter is-resized\"><img loading=\"lazy\" decoding=\"async\" width=\"1920\" height=\"2560\" src=\"https:\/\/gwendreams.com\/wp-content\/uploads\/2021\/08\/IMG_5906-scaled.jpg\" alt=\"\" class=\"wp-image-4002\" style=\"width:389px;height:519px\" srcset=\"https:\/\/gwendreams.com\/wp-content\/uploads\/2021\/08\/IMG_5906-scaled.jpg 1920w, https:\/\/gwendreams.com\/wp-content\/uploads\/2021\/08\/IMG_5906-225x300.jpg 225w, https:\/\/gwendreams.com\/wp-content\/uploads\/2021\/08\/IMG_5906-768x1024.jpg 768w, https:\/\/gwendreams.com\/wp-content\/uploads\/2021\/08\/IMG_5906-1152x1536.jpg 1152w, https:\/\/gwendreams.com\/wp-content\/uploads\/2021\/08\/IMG_5906-1536x2048.jpg 1536w\" sizes=\"auto, (max-width: 1920px) 100vw, 1920px\" \/><\/figure>\n<\/div>\n\n\n<p class=\"has-text-align-justify\">Arriv\u00e9s vers Vielha, sous un ciel bleu digne d&rsquo;un livre d&rsquo;images, nous nous sommes install\u00e9s \u00e0 flanc de montagne, dans une jolie for\u00eat, en bordure d&rsquo;une route peu emprunt\u00e9e. Passage \u00e0 l&rsquo;arri\u00e8re, ouverture de la cage, puis de la porte coulissante. D&rsquo;abord timide, chat a pass\u00e9 beaucoup de temps \u00e0 explorer les dessous du fourgon (ah les odeurs d&rsquo;insectes ramass\u00e9s en chemin!), puis les sous-bois de part et d&rsquo;autre de la route, reniflant ici l&rsquo;ouverture d&rsquo;un terrier, l\u00e0 la mousse d&rsquo;un rocher. Mais quand quatre \u00e2nes sont venus encercler le fourgon, il est remont\u00e9 sans demander son reste et a pass\u00e9 le reste de la soir\u00e9e cach\u00e9 sous la couette, dans le lit s\u00fbr\u00e9lev\u00e9.<\/p>\n\n\n\n<h2 class=\"wp-block-heading\">Le Val d&rsquo;aran sauvage<\/h2>\n\n\n<div class=\"wp-block-image\">\n<figure class=\"alignleft is-resized\"><img loading=\"lazy\" decoding=\"async\" width=\"2560\" height=\"1920\" src=\"https:\/\/gwendreams.com\/wp-content\/uploads\/2021\/08\/IMG_5856-scaled.jpg\" alt=\"\" class=\"wp-image-3997\" style=\"width:357px;height:268px\" srcset=\"https:\/\/gwendreams.com\/wp-content\/uploads\/2021\/08\/IMG_5856-scaled.jpg 2560w, https:\/\/gwendreams.com\/wp-content\/uploads\/2021\/08\/IMG_5856-300x225.jpg 300w, https:\/\/gwendreams.com\/wp-content\/uploads\/2021\/08\/IMG_5856-1024x768.jpg 1024w, https:\/\/gwendreams.com\/wp-content\/uploads\/2021\/08\/IMG_5856-768x576.jpg 768w, https:\/\/gwendreams.com\/wp-content\/uploads\/2021\/08\/IMG_5856-1536x1152.jpg 1536w, https:\/\/gwendreams.com\/wp-content\/uploads\/2021\/08\/IMG_5856-2048x1536.jpg 2048w\" sizes=\"auto, (max-width: 2560px) 100vw, 2560px\" \/><\/figure>\n<\/div>\n\n\n<p class=\"has-text-align-justify\">Le lendemain, pour me laisser partir en randonn\u00e9e, chat est rentr\u00e9 de lui-m\u00eame dans la cage de transport et a pass\u00e9 la journ\u00e9e bien au frais dans un studio o\u00f9 il avait d\u00e9j\u00e0 s\u00e9journ\u00e9. L&rsquo;excursion s&rsquo;est sold\u00e9e par un demi-tour avant d&rsquo;atteindre le sommet, pour cause de vents violents et glac\u00e9s sur les cr\u00eates. Cependant, j&rsquo;ai pu retrouver avec d\u00e9lices les paysages typiques du <a href=\"https:\/\/gwendreams.com\/index.php\/les-montagnes\/les-montagnes-enchantees\/\" target=\"_blank\" rel=\"noreferrer noopener\">Parc des Encantats<\/a>, min\u00e9raux et anguleux. Quelques bunkers datant de la guerre civile, t\u00e9moignages improbables d&rsquo;une parano\u00efa ayant imagin\u00e9 ce col comme point tr\u00e8s illogique de l&rsquo;invasion de l&rsquo;Espagne par la France (si si). Une vall\u00e9e en contrebas, sauvage et presque inaccessible, offrant l&rsquo;attrait de la difficult\u00e9. La mer de nuages recouvrant le Val d&rsquo;Aran, plus loin.<\/p>\n\n\n<div class=\"wp-block-image\">\n<figure class=\"alignright is-resized\"><img loading=\"lazy\" decoding=\"async\" width=\"2560\" height=\"1920\" src=\"https:\/\/gwendreams.com\/wp-content\/uploads\/2021\/08\/IMG_5862-scaled.jpg\" alt=\"\" class=\"wp-image-3998\" style=\"width:372px;height:279px\" srcset=\"https:\/\/gwendreams.com\/wp-content\/uploads\/2021\/08\/IMG_5862-scaled.jpg 2560w, https:\/\/gwendreams.com\/wp-content\/uploads\/2021\/08\/IMG_5862-300x225.jpg 300w, https:\/\/gwendreams.com\/wp-content\/uploads\/2021\/08\/IMG_5862-1024x768.jpg 1024w, https:\/\/gwendreams.com\/wp-content\/uploads\/2021\/08\/IMG_5862-768x576.jpg 768w, https:\/\/gwendreams.com\/wp-content\/uploads\/2021\/08\/IMG_5862-1536x1152.jpg 1536w, https:\/\/gwendreams.com\/wp-content\/uploads\/2021\/08\/IMG_5862-2048x1536.jpg 2048w\" sizes=\"auto, (max-width: 2560px) 100vw, 2560px\" \/><\/figure>\n<\/div>\n\n\n<p class=\"has-text-align-justify\">Pour ne pas perdre nos rep\u00e8res, nous sommes retourn\u00e9s dormir exactement au m\u00eame endroit, et le f\u00e9lin \u00e9quilibriste a commenc\u00e9 \u00e0 prendre l&rsquo;habitude de voyager \u00e0 l&rsquo;arri\u00e8re, sur le lit bien \u00e9videmment. Le c\u00f4t\u00e9 comique, c&rsquo;est qu&rsquo;\u00e0 force de dormir en roulant, il s&rsquo;arrime maintenant assez souvent de toutes ses griffes, m\u00eame \u00e0 l&rsquo;arr\u00eat ! Au petit matin, j&rsquo;ai crois\u00e9 un \u00e9cureuil et un daim sans doute, et de nouveau les m\u00eames \u00e2nes curieux. Le chat, lui, n&rsquo;a rien vu. Il pion\u00e7ait.<\/p>\n\n\n\n<h2 class=\"wp-block-heading\">Un balcon sur l&rsquo;Aneto<\/h2>\n\n\n<div class=\"wp-block-image\">\n<figure class=\"aligncenter is-resized\"><img loading=\"lazy\" decoding=\"async\" width=\"2560\" height=\"1920\" src=\"https:\/\/gwendreams.com\/wp-content\/uploads\/2021\/08\/IMG_5897-scaled.jpg\" alt=\"\" class=\"wp-image-4000\" style=\"width:499px;height:374px\" srcset=\"https:\/\/gwendreams.com\/wp-content\/uploads\/2021\/08\/IMG_5897-scaled.jpg 2560w, https:\/\/gwendreams.com\/wp-content\/uploads\/2021\/08\/IMG_5897-300x225.jpg 300w, https:\/\/gwendreams.com\/wp-content\/uploads\/2021\/08\/IMG_5897-1024x768.jpg 1024w, https:\/\/gwendreams.com\/wp-content\/uploads\/2021\/08\/IMG_5897-768x576.jpg 768w, https:\/\/gwendreams.com\/wp-content\/uploads\/2021\/08\/IMG_5897-1536x1152.jpg 1536w, https:\/\/gwendreams.com\/wp-content\/uploads\/2021\/08\/IMG_5897-2048x1536.jpg 2048w\" sizes=\"auto, (max-width: 2560px) 100vw, 2560px\" \/><\/figure>\n<\/div>\n\n\n<p class=\"has-text-align-justify\">Retour sur des terrains connus pour une promenade plus douce, et installation en milieu d&rsquo;ap\u00e8s-midi sur une aire de pique-nique avec une vue exceptionnelle sur l&rsquo;Aneto. Quelques promeneurs du village voisin s&rsquo;arr\u00eatent discuter. On me d\u00e9conseille l&rsquo;exploration du sommet voisin, car l&rsquo;ours s&rsquo;y prom\u00e8ne ces jours-ci. Un aigle passe au-dessus de nos t\u00eates. Une \u00e9glise ancienne domine les ruines de l&rsquo;ancien emplacement du village, d\u00e9plac\u00e9 suite \u00e0 une avalanche.<br>Les bois sont essentiellement compos\u00e9s de noisetiers, les prairies sont de foug\u00e8res et d&rsquo;herbes hautes parsem\u00e9es de fleurs. L&rsquo;air est doux jusque dans la soir\u00e9e, avec les lumi\u00e8res des villages loin en contrebas, dans la vall\u00e9e, en guise de guirlandes.<\/p>\n\n\n\n<h2 class=\"wp-block-heading\">Caprices m\u00e9t\u00e9orologiques<\/h2>\n\n\n\n<p><\/p>\n\n\n<div class=\"wp-block-image\">\n<figure class=\"alignleft is-resized\"><img loading=\"lazy\" decoding=\"async\" width=\"2560\" height=\"1920\" src=\"https:\/\/gwendreams.com\/wp-content\/uploads\/2021\/08\/IMG_5900-scaled.jpg\" alt=\"\" class=\"wp-image-4001\" style=\"width:360px;height:270px\" srcset=\"https:\/\/gwendreams.com\/wp-content\/uploads\/2021\/08\/IMG_5900-scaled.jpg 2560w, https:\/\/gwendreams.com\/wp-content\/uploads\/2021\/08\/IMG_5900-300x225.jpg 300w, https:\/\/gwendreams.com\/wp-content\/uploads\/2021\/08\/IMG_5900-1024x768.jpg 1024w, https:\/\/gwendreams.com\/wp-content\/uploads\/2021\/08\/IMG_5900-768x576.jpg 768w, https:\/\/gwendreams.com\/wp-content\/uploads\/2021\/08\/IMG_5900-1536x1152.jpg 1536w, https:\/\/gwendreams.com\/wp-content\/uploads\/2021\/08\/IMG_5900-2048x1536.jpg 2048w\" sizes=\"auto, (max-width: 2560px) 100vw, 2560px\" \/><\/figure>\n<\/div>\n\n\n<p class=\"has-text-align-justify\">Au milieu de la nuit le temps tourne, le tonnerre gronde et des trombes d&rsquo;eau viennent s&rsquo;abattre sur le toit. Le chat s&rsquo;en moque, puisque le lit est recouvert de la couette magique qui prot\u00e8ge de tout. Au matin, les temp\u00e9ratures ont chut\u00e9 et nous ne sortons plus des nuages. Il viennent en bancs apporter des frissons sur notre petit balcon naturel. Le soleil ne se montrera pas, et le froid augmente. Pour finir, nous nous r\u00e9fugions dans le centre de Vielha, au moins un peu mieux prot\u00e9g\u00e9. Le chat sort de temps \u00e0 autre, se r\u00e9fugiant d&rsquo;un bond dans le fourgon \u00e0 la moindre alerte. Parfois, il observe l&rsquo;ext\u00e9rieur depuis la petite fen\u00eatre, bien install\u00e9 &#8230; sur le lit, \u00e9videmment ! Le reste de l&rsquo;espace ne l&rsquo;int\u00e9resse pas vraiment, et m\u00eame sa gamelle a perdu de son int\u00e9r\u00eat, face aux merveilles du monde.<\/p>\n\n\n\n<p class=\"has-text-align-justify\">Pendant deux jours, la pluie se met de la partie et tombe quasiment sans discontinuer. \u00c7a tombe bien, j&rsquo;ai du travail et du sommeil en retard. Le chat hasarde une sortie entre deux averses, et finalement son poil devient encore plus doux \u00e0 force d&rsquo;\u00eatre mouill\u00e9. Je cuisine davantage et appr\u00e9cie le circuit d&rsquo;eau enfin fonctionnel, hormis l&rsquo;eau chaude qui n&rsquo;est pas encore branch\u00e9e. Quand le temps le permet je proc\u00e8de \u00e0 quelques ajustements dans l&rsquo;am\u00e9nagement. Je rep\u00e8re ce qui devra \u00eatre modifi\u00e9, ce qui manque encore, ce que j&rsquo;utilise vraiment, comment, et ce qui peut \u00eatre rel\u00e9gu\u00e9 dans les caissons moins accessibles.<\/p>\n\n\n\n<h2 class=\"wp-block-heading\">Quand chat suffit, il faut rentrer<\/h2>\n\n\n\n<p class=\"has-text-align-justify\">Au bout d&rsquo;une semaine, nous reprenons la route de la maison, tout \u00e9tonn\u00e9s quand la fra\u00eecheur laisse place de nouveau \u00e0 la chaleur de la plaine, bienvenue apr\u00e8s toute cette pluie et ce froid. D\u00e9sormais, le chat voyageur effectue les d\u00e9placement depuis l&rsquo;arri\u00e8re, confortablement endormi. Quand on s&rsquo;arr\u00eate, il veut bien explorer un peu, mais un chemin de campagne, franchement, apr\u00e8s la montagne? Autant retourner se coucher, non ?<\/p>\n\n\n<div class=\"wp-block-image\">\n<figure class=\"aligncenter\"><img loading=\"lazy\" decoding=\"async\" width=\"2560\" height=\"1920\" src=\"https:\/\/gwendreams.com\/wp-content\/uploads\/2021\/08\/IMG_5880-scaled.jpg\" alt=\"\" class=\"wp-image-3999\" srcset=\"https:\/\/gwendreams.com\/wp-content\/uploads\/2021\/08\/IMG_5880-scaled.jpg 2560w, https:\/\/gwendreams.com\/wp-content\/uploads\/2021\/08\/IMG_5880-300x225.jpg 300w, https:\/\/gwendreams.com\/wp-content\/uploads\/2021\/08\/IMG_5880-1024x768.jpg 1024w, https:\/\/gwendreams.com\/wp-content\/uploads\/2021\/08\/IMG_5880-768x576.jpg 768w, https:\/\/gwendreams.com\/wp-content\/uploads\/2021\/08\/IMG_5880-1536x1152.jpg 1536w, https:\/\/gwendreams.com\/wp-content\/uploads\/2021\/08\/IMG_5880-2048x1536.jpg 2048w\" sizes=\"auto, (max-width: 2560px) 100vw, 2560px\" \/><\/figure>\n<\/div>\n\n\n<p><\/p>\n","protected":false},"excerpt":{"rendered":"<p>Chercher la fra\u00eecheur Juillet en Espagne, il fait chaud et c&rsquo;est peu de le dire ! On a d\u00e9pass\u00e9 les quarante, la vie ralentit.Alors, quand l&rsquo;opportunit\u00e9 se pr\u00e9sente enfin de s&rsquo;\u00e9chapper de la fournaise vers la fra\u00eecheur de la montagne, on charge le chat dans le fourgon, on fait quelques&#8230;<\/p>\n<div class=\"more-link-wrapper\"><a class=\"more-link\" href=\"https:\/\/gwendreams.com\/index.php\/2021\/08\/02\/en-juillet-ca-chamionne-un-chat-en-fourgon-au-coeur-des-pyrenees\/\">Continuer la lecture<span class=\"screen-reader-text\">Ca chamionne : un chat en fourgon au coeur des Pyr\u00e9n\u00e9es<\/span><\/a><\/div>\n","protected":false},"author":1,"featured_media":3998,"comment_status":"open","ping_status":"open","sticky":true,"template":"","format":"standard","meta":{"jetpack_post_was_ever_published":false,"_jetpack_newsletter_access":"","_jetpack_dont_email_post_to_subs":false,"_jetpack_newsletter_tier_id":0,"_jetpack_memberships_contains_paywalled_content":false,"iawp_total_views":13,"_jetpack_memberships_contains_paid_content":false,"footnotes":""},"categories":[2,23,6,38,10,14,15,17],"tags":[],"class_list":["post-3989","post","type-post","status-publish","format-standard","has-post-thumbnail","hentry","category-animaux","category-espagne","category-flore-et-nature","category-fourgon-amenage","category-montagnes","category-pyrenees","category-randonnee","category-voyages","entry"],"yoast_head":"<!-- This site is optimized with the Yoast SEO plugin v27.3 - https:\/\/yoast.com\/product\/yoast-seo-wordpress\/ -->\n<title>Ca chamionne : un chat en fourgon au coeur des Pyr\u00e9n\u00e9es - Gwendreams<\/title>\n<meta name=\"description\" content=\"fourgon am\u00e9nag\u00e9 Pyr\u00e9n\u00e9es voyage vanlife chamion gwendreams explorer montagnes mer ocean Espagne France Vielha Val Aran blog nature\" \/>\n<meta name=\"robots\" content=\"index, follow, max-snippet:-1, max-image-preview:large, max-video-preview:-1\" \/>\n<link rel=\"canonical\" href=\"https:\/\/gwendreams.com\/index.php\/2021\/08\/02\/en-juillet-ca-chamionne-un-chat-en-fourgon-au-coeur-des-pyrenees\/\" \/>\n<meta property=\"og:locale\" content=\"fr_FR\" \/>\n<meta property=\"og:type\" content=\"article\" \/>\n<meta property=\"og:title\" content=\"Ca chamionne : un chat en fourgon au coeur des Pyr\u00e9n\u00e9es - Gwendreams\" \/>\n<meta property=\"og:url\" content=\"https:\/\/gwendreams.com\/index.php\/2021\/08\/02\/en-juillet-ca-chamionne-un-chat-en-fourgon-au-coeur-des-pyrenees\/\" \/>\n<meta property=\"og:site_name\" content=\"Gwendreams\" \/>\n<meta property=\"article:publisher\" content=\"https:\/\/www.facebook.com\/profile.php?id=100063791695285\" \/>\n<meta property=\"article:author\" content=\"https:\/\/www.facebook.com\/Gwendreams-610167779409276\/?modal=admin_todo_tour\" \/>\n<meta property=\"article:published_time\" content=\"2021-08-02T20:08:16+00:00\" \/>\n<meta property=\"article:modified_time\" content=\"2023-11-02T12:57:24+00:00\" \/>\n<meta property=\"og:image\" content=\"https:\/\/gwendreams.com\/wp-content\/uploads\/2021\/08\/IMG_5862-scaled.jpg\" \/>\n\t<meta property=\"og:image:width\" content=\"2560\" \/>\n\t<meta property=\"og:image:height\" content=\"1920\" \/>\n\t<meta property=\"og:image:type\" content=\"image\/jpeg\" \/>\n<meta name=\"author\" content=\"gwendreams\" \/>\n<meta name=\"twitter:card\" content=\"summary_large_image\" \/>\n<meta name=\"twitter:label1\" content=\"\u00c9crit par\" \/>\n\t<meta name=\"twitter:data1\" content=\"gwendreams\" \/>\n\t<meta name=\"twitter:label2\" content=\"Dur\u00e9e de lecture estim\u00e9e\" \/>\n\t<meta name=\"twitter:data2\" content=\"6 minutes\" \/>\n<script type=\"application\/ld+json\" class=\"yoast-schema-graph\">{\"@context\":\"https:\\\/\\\/schema.org\",\"@graph\":[{\"@type\":\"Article\",\"@id\":\"https:\\\/\\\/gwendreams.com\\\/index.php\\\/2021\\\/08\\\/02\\\/en-juillet-ca-chamionne-un-chat-en-fourgon-au-coeur-des-pyrenees\\\/#article\",\"isPartOf\":{\"@id\":\"https:\\\/\\\/gwendreams.com\\\/index.php\\\/2021\\\/08\\\/02\\\/en-juillet-ca-chamionne-un-chat-en-fourgon-au-coeur-des-pyrenees\\\/\"},\"author\":{\"name\":\"gwendreams\",\"@id\":\"https:\\\/\\\/gwendreams.com\\\/#\\\/schema\\\/person\\\/429973fade4190e911c3e54b349d4313\"},\"headline\":\"Ca chamionne : un chat en fourgon au coeur des Pyr\u00e9n\u00e9es\",\"datePublished\":\"2021-08-02T20:08:16+00:00\",\"dateModified\":\"2023-11-02T12:57:24+00:00\",\"mainEntityOfPage\":{\"@id\":\"https:\\\/\\\/gwendreams.com\\\/index.php\\\/2021\\\/08\\\/02\\\/en-juillet-ca-chamionne-un-chat-en-fourgon-au-coeur-des-pyrenees\\\/\"},\"wordCount\":992,\"commentCount\":1,\"image\":{\"@id\":\"https:\\\/\\\/gwendreams.com\\\/index.php\\\/2021\\\/08\\\/02\\\/en-juillet-ca-chamionne-un-chat-en-fourgon-au-coeur-des-pyrenees\\\/#primaryimage\"},\"thumbnailUrl\":\"https:\\\/\\\/gwendreams.com\\\/wp-content\\\/uploads\\\/2021\\\/08\\\/IMG_5862-scaled.jpg\",\"articleSection\":[\"Animaux\",\"Espagne\",\"Flore et nature\",\"fourgon am\u00e9nag\u00e9\",\"montagnes\",\"Pyr\u00e9n\u00e9es\",\"randonn\u00e9e\",\"Voyages\"],\"inLanguage\":\"fr-FR\",\"potentialAction\":[{\"@type\":\"CommentAction\",\"name\":\"Comment\",\"target\":[\"https:\\\/\\\/gwendreams.com\\\/index.php\\\/2021\\\/08\\\/02\\\/en-juillet-ca-chamionne-un-chat-en-fourgon-au-coeur-des-pyrenees\\\/#respond\"]}]},{\"@type\":\"WebPage\",\"@id\":\"https:\\\/\\\/gwendreams.com\\\/index.php\\\/2021\\\/08\\\/02\\\/en-juillet-ca-chamionne-un-chat-en-fourgon-au-coeur-des-pyrenees\\\/\",\"url\":\"https:\\\/\\\/gwendreams.com\\\/index.php\\\/2021\\\/08\\\/02\\\/en-juillet-ca-chamionne-un-chat-en-fourgon-au-coeur-des-pyrenees\\\/\",\"name\":\"Ca chamionne : un chat en fourgon au coeur des Pyr\u00e9n\u00e9es - Gwendreams\",\"isPartOf\":{\"@id\":\"https:\\\/\\\/gwendreams.com\\\/#website\"},\"primaryImageOfPage\":{\"@id\":\"https:\\\/\\\/gwendreams.com\\\/index.php\\\/2021\\\/08\\\/02\\\/en-juillet-ca-chamionne-un-chat-en-fourgon-au-coeur-des-pyrenees\\\/#primaryimage\"},\"image\":{\"@id\":\"https:\\\/\\\/gwendreams.com\\\/index.php\\\/2021\\\/08\\\/02\\\/en-juillet-ca-chamionne-un-chat-en-fourgon-au-coeur-des-pyrenees\\\/#primaryimage\"},\"thumbnailUrl\":\"https:\\\/\\\/gwendreams.com\\\/wp-content\\\/uploads\\\/2021\\\/08\\\/IMG_5862-scaled.jpg\",\"datePublished\":\"2021-08-02T20:08:16+00:00\",\"dateModified\":\"2023-11-02T12:57:24+00:00\",\"author\":{\"@id\":\"https:\\\/\\\/gwendreams.com\\\/#\\\/schema\\\/person\\\/429973fade4190e911c3e54b349d4313\"},\"description\":\"fourgon am\u00e9nag\u00e9 Pyr\u00e9n\u00e9es voyage vanlife chamion gwendreams explorer montagnes mer ocean Espagne France Vielha Val Aran blog nature\",\"breadcrumb\":{\"@id\":\"https:\\\/\\\/gwendreams.com\\\/index.php\\\/2021\\\/08\\\/02\\\/en-juillet-ca-chamionne-un-chat-en-fourgon-au-coeur-des-pyrenees\\\/#breadcrumb\"},\"inLanguage\":\"fr-FR\",\"potentialAction\":[{\"@type\":\"ReadAction\",\"target\":[\"https:\\\/\\\/gwendreams.com\\\/index.php\\\/2021\\\/08\\\/02\\\/en-juillet-ca-chamionne-un-chat-en-fourgon-au-coeur-des-pyrenees\\\/\"]}]},{\"@type\":\"ImageObject\",\"inLanguage\":\"fr-FR\",\"@id\":\"https:\\\/\\\/gwendreams.com\\\/index.php\\\/2021\\\/08\\\/02\\\/en-juillet-ca-chamionne-un-chat-en-fourgon-au-coeur-des-pyrenees\\\/#primaryimage\",\"url\":\"https:\\\/\\\/gwendreams.com\\\/wp-content\\\/uploads\\\/2021\\\/08\\\/IMG_5862-scaled.jpg\",\"contentUrl\":\"https:\\\/\\\/gwendreams.com\\\/wp-content\\\/uploads\\\/2021\\\/08\\\/IMG_5862-scaled.jpg\",\"width\":2560,\"height\":1920},{\"@type\":\"BreadcrumbList\",\"@id\":\"https:\\\/\\\/gwendreams.com\\\/index.php\\\/2021\\\/08\\\/02\\\/en-juillet-ca-chamionne-un-chat-en-fourgon-au-coeur-des-pyrenees\\\/#breadcrumb\",\"itemListElement\":[{\"@type\":\"ListItem\",\"position\":1,\"name\":\"Accueil\",\"item\":\"https:\\\/\\\/gwendreams.com\\\/\"},{\"@type\":\"ListItem\",\"position\":2,\"name\":\"Ca chamionne : un chat en fourgon au coeur des Pyr\u00e9n\u00e9es\"}]},{\"@type\":\"WebSite\",\"@id\":\"https:\\\/\\\/gwendreams.com\\\/#website\",\"url\":\"https:\\\/\\\/gwendreams.com\\\/\",\"name\":\"Gwendreams\",\"description\":\"Tout un monde \u00e0 d\u00e9couvrir !\",\"potentialAction\":[{\"@type\":\"SearchAction\",\"target\":{\"@type\":\"EntryPoint\",\"urlTemplate\":\"https:\\\/\\\/gwendreams.com\\\/?s={search_term_string}\"},\"query-input\":{\"@type\":\"PropertyValueSpecification\",\"valueRequired\":true,\"valueName\":\"search_term_string\"}}],\"inLanguage\":\"fr-FR\"},{\"@type\":\"Person\",\"@id\":\"https:\\\/\\\/gwendreams.com\\\/#\\\/schema\\\/person\\\/429973fade4190e911c3e54b349d4313\",\"name\":\"gwendreams\",\"image\":{\"@type\":\"ImageObject\",\"inLanguage\":\"fr-FR\",\"@id\":\"https:\\\/\\\/secure.gravatar.com\\\/avatar\\\/435de2e1853a612a837bb6b7ba04bb89afb07076c9e0b604624262d0cdc1172c?s=96&d=blank&r=g\",\"url\":\"https:\\\/\\\/secure.gravatar.com\\\/avatar\\\/435de2e1853a612a837bb6b7ba04bb89afb07076c9e0b604624262d0cdc1172c?s=96&d=blank&r=g\",\"contentUrl\":\"https:\\\/\\\/secure.gravatar.com\\\/avatar\\\/435de2e1853a612a837bb6b7ba04bb89afb07076c9e0b604624262d0cdc1172c?s=96&d=blank&r=g\",\"caption\":\"gwendreams\"},\"description\":\"\u00c9crivain, \u00e9conomiste et traductrice, globe-trotteur et polyglotte, mes passions englobent la litt\u00e9rature, les montagnes, la botanique, les grottes et l\u2019arch\u00e9ologie. Adepte du slow travel, je passe actuellement une large partie de mon temps \u00e0 explorer l'Europe.\",\"sameAs\":[\"http:\\\/\\\/www.gwendreams.com\",\"https:\\\/\\\/www.facebook.com\\\/Gwendreams-610167779409276\\\/?modal=admin_todo_tour\",\"https:\\\/\\\/www.instagram.com\\\/soleilgris2019\\\/?hl=en\"],\"url\":\"https:\\\/\\\/gwendreams.com\\\/index.php\\\/author\\\/cg234562-ovh\\\/\"}]}<\/script>\n<!-- \/ Yoast SEO plugin. -->","yoast_head_json":{"title":"Ca chamionne : un chat en fourgon au coeur des Pyr\u00e9n\u00e9es - Gwendreams","description":"fourgon am\u00e9nag\u00e9 Pyr\u00e9n\u00e9es voyage vanlife chamion gwendreams explorer montagnes mer ocean Espagne France Vielha Val Aran blog nature","robots":{"index":"index","follow":"follow","max-snippet":"max-snippet:-1","max-image-preview":"max-image-preview:large","max-video-preview":"max-video-preview:-1"},"canonical":"https:\/\/gwendreams.com\/index.php\/2021\/08\/02\/en-juillet-ca-chamionne-un-chat-en-fourgon-au-coeur-des-pyrenees\/","og_locale":"fr_FR","og_type":"article","og_title":"Ca chamionne : un chat en fourgon au coeur des Pyr\u00e9n\u00e9es - Gwendreams","og_url":"https:\/\/gwendreams.com\/index.php\/2021\/08\/02\/en-juillet-ca-chamionne-un-chat-en-fourgon-au-coeur-des-pyrenees\/","og_site_name":"Gwendreams","article_publisher":"https:\/\/www.facebook.com\/profile.php?id=100063791695285","article_author":"https:\/\/www.facebook.com\/Gwendreams-610167779409276\/?modal=admin_todo_tour","article_published_time":"2021-08-02T20:08:16+00:00","article_modified_time":"2023-11-02T12:57:24+00:00","og_image":[{"width":2560,"height":1920,"url":"https:\/\/gwendreams.com\/wp-content\/uploads\/2021\/08\/IMG_5862-scaled.jpg","type":"image\/jpeg"}],"author":"gwendreams","twitter_card":"summary_large_image","twitter_misc":{"\u00c9crit par":"gwendreams","Dur\u00e9e de lecture estim\u00e9e":"6 minutes"},"schema":{"@context":"https:\/\/schema.org","@graph":[{"@type":"Article","@id":"https:\/\/gwendreams.com\/index.php\/2021\/08\/02\/en-juillet-ca-chamionne-un-chat-en-fourgon-au-coeur-des-pyrenees\/#article","isPartOf":{"@id":"https:\/\/gwendreams.com\/index.php\/2021\/08\/02\/en-juillet-ca-chamionne-un-chat-en-fourgon-au-coeur-des-pyrenees\/"},"author":{"name":"gwendreams","@id":"https:\/\/gwendreams.com\/#\/schema\/person\/429973fade4190e911c3e54b349d4313"},"headline":"Ca chamionne : un chat en fourgon au coeur des Pyr\u00e9n\u00e9es","datePublished":"2021-08-02T20:08:16+00:00","dateModified":"2023-11-02T12:57:24+00:00","mainEntityOfPage":{"@id":"https:\/\/gwendreams.com\/index.php\/2021\/08\/02\/en-juillet-ca-chamionne-un-chat-en-fourgon-au-coeur-des-pyrenees\/"},"wordCount":992,"commentCount":1,"image":{"@id":"https:\/\/gwendreams.com\/index.php\/2021\/08\/02\/en-juillet-ca-chamionne-un-chat-en-fourgon-au-coeur-des-pyrenees\/#primaryimage"},"thumbnailUrl":"https:\/\/gwendreams.com\/wp-content\/uploads\/2021\/08\/IMG_5862-scaled.jpg","articleSection":["Animaux","Espagne","Flore et nature","fourgon am\u00e9nag\u00e9","montagnes","Pyr\u00e9n\u00e9es","randonn\u00e9e","Voyages"],"inLanguage":"fr-FR","potentialAction":[{"@type":"CommentAction","name":"Comment","target":["https:\/\/gwendreams.com\/index.php\/2021\/08\/02\/en-juillet-ca-chamionne-un-chat-en-fourgon-au-coeur-des-pyrenees\/#respond"]}]},{"@type":"WebPage","@id":"https:\/\/gwendreams.com\/index.php\/2021\/08\/02\/en-juillet-ca-chamionne-un-chat-en-fourgon-au-coeur-des-pyrenees\/","url":"https:\/\/gwendreams.com\/index.php\/2021\/08\/02\/en-juillet-ca-chamionne-un-chat-en-fourgon-au-coeur-des-pyrenees\/","name":"Ca chamionne : un chat en fourgon au coeur des Pyr\u00e9n\u00e9es - Gwendreams","isPartOf":{"@id":"https:\/\/gwendreams.com\/#website"},"primaryImageOfPage":{"@id":"https:\/\/gwendreams.com\/index.php\/2021\/08\/02\/en-juillet-ca-chamionne-un-chat-en-fourgon-au-coeur-des-pyrenees\/#primaryimage"},"image":{"@id":"https:\/\/gwendreams.com\/index.php\/2021\/08\/02\/en-juillet-ca-chamionne-un-chat-en-fourgon-au-coeur-des-pyrenees\/#primaryimage"},"thumbnailUrl":"https:\/\/gwendreams.com\/wp-content\/uploads\/2021\/08\/IMG_5862-scaled.jpg","datePublished":"2021-08-02T20:08:16+00:00","dateModified":"2023-11-02T12:57:24+00:00","author":{"@id":"https:\/\/gwendreams.com\/#\/schema\/person\/429973fade4190e911c3e54b349d4313"},"description":"fourgon am\u00e9nag\u00e9 Pyr\u00e9n\u00e9es voyage vanlife chamion gwendreams explorer montagnes mer ocean Espagne France Vielha Val Aran blog nature","breadcrumb":{"@id":"https:\/\/gwendreams.com\/index.php\/2021\/08\/02\/en-juillet-ca-chamionne-un-chat-en-fourgon-au-coeur-des-pyrenees\/#breadcrumb"},"inLanguage":"fr-FR","potentialAction":[{"@type":"ReadAction","target":["https:\/\/gwendreams.com\/index.php\/2021\/08\/02\/en-juillet-ca-chamionne-un-chat-en-fourgon-au-coeur-des-pyrenees\/"]}]},{"@type":"ImageObject","inLanguage":"fr-FR","@id":"https:\/\/gwendreams.com\/index.php\/2021\/08\/02\/en-juillet-ca-chamionne-un-chat-en-fourgon-au-coeur-des-pyrenees\/#primaryimage","url":"https:\/\/gwendreams.com\/wp-content\/uploads\/2021\/08\/IMG_5862-scaled.jpg","contentUrl":"https:\/\/gwendreams.com\/wp-content\/uploads\/2021\/08\/IMG_5862-scaled.jpg","width":2560,"height":1920},{"@type":"BreadcrumbList","@id":"https:\/\/gwendreams.com\/index.php\/2021\/08\/02\/en-juillet-ca-chamionne-un-chat-en-fourgon-au-coeur-des-pyrenees\/#breadcrumb","itemListElement":[{"@type":"ListItem","position":1,"name":"Accueil","item":"https:\/\/gwendreams.com\/"},{"@type":"ListItem","position":2,"name":"Ca chamionne : un chat en fourgon au coeur des Pyr\u00e9n\u00e9es"}]},{"@type":"WebSite","@id":"https:\/\/gwendreams.com\/#website","url":"https:\/\/gwendreams.com\/","name":"Gwendreams","description":"Tout un monde \u00e0 d\u00e9couvrir !","potentialAction":[{"@type":"SearchAction","target":{"@type":"EntryPoint","urlTemplate":"https:\/\/gwendreams.com\/?s={search_term_string}"},"query-input":{"@type":"PropertyValueSpecification","valueRequired":true,"valueName":"search_term_string"}}],"inLanguage":"fr-FR"},{"@type":"Person","@id":"https:\/\/gwendreams.com\/#\/schema\/person\/429973fade4190e911c3e54b349d4313","name":"gwendreams","image":{"@type":"ImageObject","inLanguage":"fr-FR","@id":"https:\/\/secure.gravatar.com\/avatar\/435de2e1853a612a837bb6b7ba04bb89afb07076c9e0b604624262d0cdc1172c?s=96&d=blank&r=g","url":"https:\/\/secure.gravatar.com\/avatar\/435de2e1853a612a837bb6b7ba04bb89afb07076c9e0b604624262d0cdc1172c?s=96&d=blank&r=g","contentUrl":"https:\/\/secure.gravatar.com\/avatar\/435de2e1853a612a837bb6b7ba04bb89afb07076c9e0b604624262d0cdc1172c?s=96&d=blank&r=g","caption":"gwendreams"},"description":"\u00c9crivain, \u00e9conomiste et traductrice, globe-trotteur et polyglotte, mes passions englobent la litt\u00e9rature, les montagnes, la botanique, les grottes et l\u2019arch\u00e9ologie. Adepte du slow travel, je passe actuellement une large partie de mon temps \u00e0 explorer l'Europe.","sameAs":["http:\/\/www.gwendreams.com","https:\/\/www.facebook.com\/Gwendreams-610167779409276\/?modal=admin_todo_tour","https:\/\/www.instagram.com\/soleilgris2019\/?hl=en"],"url":"https:\/\/gwendreams.com\/index.php\/author\/cg234562-ovh\/"}]}},"jetpack_featured_media_url":"https:\/\/gwendreams.com\/wp-content\/uploads\/2021\/08\/IMG_5862-scaled.jpg","jetpack_sharing_enabled":true,"_links":{"self":[{"href":"https:\/\/gwendreams.com\/index.php\/wp-json\/wp\/v2\/posts\/3989","targetHints":{"allow":["GET"]}}],"collection":[{"href":"https:\/\/gwendreams.com\/index.php\/wp-json\/wp\/v2\/posts"}],"about":[{"href":"https:\/\/gwendreams.com\/index.php\/wp-json\/wp\/v2\/types\/post"}],"author":[{"embeddable":true,"href":"https:\/\/gwendreams.com\/index.php\/wp-json\/wp\/v2\/users\/1"}],"replies":[{"embeddable":true,"href":"https:\/\/gwendreams.com\/index.php\/wp-json\/wp\/v2\/comments?post=3989"}],"version-history":[{"count":15,"href":"https:\/\/gwendreams.com\/index.php\/wp-json\/wp\/v2\/posts\/3989\/revisions"}],"predecessor-version":[{"id":5073,"href":"https:\/\/gwendreams.com\/index.php\/wp-json\/wp\/v2\/posts\/3989\/revisions\/5073"}],"wp:featuredmedia":[{"embeddable":true,"href":"https:\/\/gwendreams.com\/index.php\/wp-json\/wp\/v2\/media\/3998"}],"wp:attachment":[{"href":"https:\/\/gwendreams.com\/index.php\/wp-json\/wp\/v2\/media?parent=3989"}],"wp:term":[{"taxonomy":"category","embeddable":true,"href":"https:\/\/gwendreams.com\/index.php\/wp-json\/wp\/v2\/categories?post=3989"},{"taxonomy":"post_tag","embeddable":true,"href":"https:\/\/gwendreams.com\/index.php\/wp-json\/wp\/v2\/tags?post=3989"}],"curies":[{"name":"wp","href":"https:\/\/api.w.org\/{rel}","templated":true}]}}