{"id":4186,"date":"2022-05-05T10:00:00","date_gmt":"2022-05-05T08:00:00","guid":{"rendered":"https:\/\/gwendreams.com\/?p=4186"},"modified":"2022-04-02T16:15:23","modified_gmt":"2022-04-02T14:15:23","slug":"ascension-du-mont-royal-par-la-face-nord","status":"publish","type":"post","link":"https:\/\/gwendreams.com\/index.php\/2022\/05\/05\/ascension-du-mont-royal-par-la-face-nord\/","title":{"rendered":"Ascension du Mont Royal par la face Nord"},"content":{"rendered":"\n<p>Dans la s\u00e9rie <a href=\"https:\/\/gwendreams.com\/index.php\/les-voyages\/expatriee-au-quebec\/\" target=\"_blank\" rel=\"noreferrer noopener\"><strong><em><strong>C&rsquo;\u00e9tait il y a 14 ans<\/strong><\/em><\/strong><\/a>\u2013\u00a0Archive Qu\u00e9bec, 5 mai 2008.<\/p>\n\n\n\n<p class=\"has-text-align-justify\">Au milieu de la ville tr\u00f4ne le parc, le parc du Mont Royal, vaste enclave semi-sauvage dans la grande ville. C&rsquo;est bois\u00e9, rocheux, vert. <br>Une escapade hors de la civilisation, tout pr\u00e8s, \u00e0 un jet de pierre seulement du centre ville.\u00a0En suivant les lacets de la route qui m\u00e8nent vers le sommet, un renard surgit des fourr\u00e9s et traverse, sa queue en panache comme un \u00e9tendard \u00e0 la gloire de dame nature.\u00a0<br>La voiture abandonn\u00e9e, une promenade large et tranquille am\u00e8ne les touristes, sportifs et autres curieux vers le \u00ab\u00a0chalet\u00a0\u00bb, \u00e0 la superbe charpente, o\u00f9 s&rsquo;abriter un instant du vent et prendre un petit go\u00fbter. <\/p>\n\n\n\n<p class=\"has-text-align-justify\">Devant, c&rsquo;est le belv\u00e9d\u00e8re, balcon ouvert sur la ville enserr\u00e9e dans les bras du Saint Laurent. Les quelques gratte-ciels du centre ville, qui ne d\u00e9passeront jamais le sommet du Mont Royal, offrent quelques rep\u00e8res quant aux rues les plus connues. <\/p>\n\n\n\n<p class=\"has-text-align-justify\">Sous les murs du belv\u00e9d\u00e8re un raton-laveur mal r\u00e9veill\u00e9 prom\u00e8ne son app\u00e9tit parmi les d\u00e9chets abandonn\u00e9s l\u00e0. Un couple se prend en photo sans r\u00e9pit sauf pour s&rsquo;extasier sur sa propre beaut\u00e9, sous l&rsquo;\u0153il amus\u00e9 des badauds. Une jeune sportive vient \u00e9tirer ses formes lascivement, premier plan \u00e9tonnant sur la ville et les plus proches montagnes.<\/p>\n\n\n\n<p>Encore une \u00eele au c\u0153ur de la ville !<\/p>\n\n\n\n<p>\u00a9 Gwen Caillet 2022 \u2013 Tous droits r\u00e9serv\u00e9s.<\/p>\n","protected":false},"excerpt":{"rendered":"<p>Dans la s\u00e9rie C&rsquo;\u00e9tait il y a 14 ans\u2013\u00a0Archive Qu\u00e9bec, 5 mai 2008. Au milieu de la ville tr\u00f4ne le parc, le parc du Mont Royal, vaste enclave semi-sauvage dans la grande ville. C&rsquo;est bois\u00e9, rocheux, vert. Une escapade hors de la civilisation, tout pr\u00e8s, \u00e0 un jet de pierre&#8230;<\/p>\n<div class=\"more-link-wrapper\"><a class=\"more-link\" href=\"https:\/\/gwendreams.com\/index.php\/2022\/05\/05\/ascension-du-mont-royal-par-la-face-nord\/\">Continuer la lecture<span class=\"screen-reader-text\">Ascension du Mont Royal par la face Nord<\/span><\/a><\/div>\n","protected":false},"author":1,"featured_media":4187,"comment_status":"open","ping_status":"open","sticky":false,"template":"","format":"standard","meta":{"jetpack_post_was_ever_published":false,"_jetpack_newsletter_access":"","_jetpack_dont_email_post_to_subs":false,"_jetpack_newsletter_tier_id":0,"_jetpack_memberships_contains_paywalled_content":false,"iawp_total_views":0,"_jetpack_memberships_contains_paid_content":false,"footnotes":""},"categories":[2,19,6,25,17],"tags":[],"class_list":["post-4186","post","type-post","status-publish","format-standard","has-post-thumbnail","hentry","category-animaux","category-canada","category-flore-et-nature","category-quebec","category-voyages","entry"],"yoast_head":"<!-- This site is optimized with the Yoast SEO plugin v27.3 - https:\/\/yoast.com\/product\/yoast-seo-wordpress\/ -->\n<title>Ascension du Mont Royal par la face Nord - Gwendreams<\/title>\n<meta name=\"robots\" content=\"index, follow, max-snippet:-1, max-image-preview:large, max-video-preview:-1\" \/>\n<link rel=\"canonical\" href=\"https:\/\/gwendreams.com\/index.php\/2022\/05\/05\/ascension-du-mont-royal-par-la-face-nord\/\" \/>\n<meta property=\"og:locale\" content=\"fr_FR\" \/>\n<meta property=\"og:type\" content=\"article\" \/>\n<meta property=\"og:title\" content=\"Ascension du Mont Royal par la face Nord - Gwendreams\" \/>\n<meta property=\"og:description\" content=\"Dans la s\u00e9rie C&rsquo;\u00e9tait il y a 14 ans\u2013\u00a0Archive Qu\u00e9bec, 5 mai 2008. Au milieu de la ville tr\u00f4ne le parc, le parc du Mont Royal, vaste enclave semi-sauvage dans la grande ville. C&rsquo;est bois\u00e9, rocheux, vert. Une escapade hors de la civilisation, tout pr\u00e8s, \u00e0 un jet de pierre&#8230;\" \/>\n<meta property=\"og:url\" content=\"https:\/\/gwendreams.com\/index.php\/2022\/05\/05\/ascension-du-mont-royal-par-la-face-nord\/\" \/>\n<meta property=\"og:site_name\" content=\"Gwendreams\" \/>\n<meta property=\"article:publisher\" content=\"https:\/\/www.facebook.com\/profile.php?id=100063791695285\" \/>\n<meta property=\"article:author\" content=\"https:\/\/www.facebook.com\/Gwendreams-610167779409276\/?modal=admin_todo_tour\" \/>\n<meta property=\"article:published_time\" content=\"2022-05-05T08:00:00+00:00\" \/>\n<meta property=\"og:image\" content=\"https:\/\/gwendreams.com\/wp-content\/uploads\/2022\/04\/pexels-photo-634255.jpeg\" \/>\n\t<meta property=\"og:image:width\" content=\"1880\" \/>\n\t<meta property=\"og:image:height\" content=\"1245\" \/>\n\t<meta property=\"og:image:type\" content=\"image\/jpeg\" \/>\n<meta name=\"author\" content=\"gwendreams\" \/>\n<meta name=\"twitter:card\" content=\"summary_large_image\" \/>\n<meta name=\"twitter:label1\" content=\"\u00c9crit par\" \/>\n\t<meta name=\"twitter:data1\" content=\"gwendreams\" \/>\n\t<meta name=\"twitter:label2\" content=\"Dur\u00e9e de lecture estim\u00e9e\" \/>\n\t<meta name=\"twitter:data2\" content=\"2 minutes\" \/>\n<script type=\"application\/ld+json\" class=\"yoast-schema-graph\">{\"@context\":\"https:\\\/\\\/schema.org\",\"@graph\":[{\"@type\":\"Article\",\"@id\":\"https:\\\/\\\/gwendreams.com\\\/index.php\\\/2022\\\/05\\\/05\\\/ascension-du-mont-royal-par-la-face-nord\\\/#article\",\"isPartOf\":{\"@id\":\"https:\\\/\\\/gwendreams.com\\\/index.php\\\/2022\\\/05\\\/05\\\/ascension-du-mont-royal-par-la-face-nord\\\/\"},\"author\":{\"name\":\"gwendreams\",\"@id\":\"https:\\\/\\\/gwendreams.com\\\/#\\\/schema\\\/person\\\/429973fade4190e911c3e54b349d4313\"},\"headline\":\"Ascension du Mont Royal par la face Nord\",\"datePublished\":\"2022-05-05T08:00:00+00:00\",\"mainEntityOfPage\":{\"@id\":\"https:\\\/\\\/gwendreams.com\\\/index.php\\\/2022\\\/05\\\/05\\\/ascension-du-mont-royal-par-la-face-nord\\\/\"},\"wordCount\":262,\"commentCount\":0,\"image\":{\"@id\":\"https:\\\/\\\/gwendreams.com\\\/index.php\\\/2022\\\/05\\\/05\\\/ascension-du-mont-royal-par-la-face-nord\\\/#primaryimage\"},\"thumbnailUrl\":\"https:\\\/\\\/gwendreams.com\\\/wp-content\\\/uploads\\\/2022\\\/04\\\/pexels-photo-634255.jpeg\",\"articleSection\":[\"Animaux\",\"Canada\",\"Flore et nature\",\"Qu\u00e9bec\",\"Voyages\"],\"inLanguage\":\"fr-FR\",\"potentialAction\":[{\"@type\":\"CommentAction\",\"name\":\"Comment\",\"target\":[\"https:\\\/\\\/gwendreams.com\\\/index.php\\\/2022\\\/05\\\/05\\\/ascension-du-mont-royal-par-la-face-nord\\\/#respond\"]}]},{\"@type\":\"WebPage\",\"@id\":\"https:\\\/\\\/gwendreams.com\\\/index.php\\\/2022\\\/05\\\/05\\\/ascension-du-mont-royal-par-la-face-nord\\\/\",\"url\":\"https:\\\/\\\/gwendreams.com\\\/index.php\\\/2022\\\/05\\\/05\\\/ascension-du-mont-royal-par-la-face-nord\\\/\",\"name\":\"Ascension du Mont Royal par la face Nord - Gwendreams\",\"isPartOf\":{\"@id\":\"https:\\\/\\\/gwendreams.com\\\/#website\"},\"primaryImageOfPage\":{\"@id\":\"https:\\\/\\\/gwendreams.com\\\/index.php\\\/2022\\\/05\\\/05\\\/ascension-du-mont-royal-par-la-face-nord\\\/#primaryimage\"},\"image\":{\"@id\":\"https:\\\/\\\/gwendreams.com\\\/index.php\\\/2022\\\/05\\\/05\\\/ascension-du-mont-royal-par-la-face-nord\\\/#primaryimage\"},\"thumbnailUrl\":\"https:\\\/\\\/gwendreams.com\\\/wp-content\\\/uploads\\\/2022\\\/04\\\/pexels-photo-634255.jpeg\",\"datePublished\":\"2022-05-05T08:00:00+00:00\",\"author\":{\"@id\":\"https:\\\/\\\/gwendreams.com\\\/#\\\/schema\\\/person\\\/429973fade4190e911c3e54b349d4313\"},\"breadcrumb\":{\"@id\":\"https:\\\/\\\/gwendreams.com\\\/index.php\\\/2022\\\/05\\\/05\\\/ascension-du-mont-royal-par-la-face-nord\\\/#breadcrumb\"},\"inLanguage\":\"fr-FR\",\"potentialAction\":[{\"@type\":\"ReadAction\",\"target\":[\"https:\\\/\\\/gwendreams.com\\\/index.php\\\/2022\\\/05\\\/05\\\/ascension-du-mont-royal-par-la-face-nord\\\/\"]}]},{\"@type\":\"ImageObject\",\"inLanguage\":\"fr-FR\",\"@id\":\"https:\\\/\\\/gwendreams.com\\\/index.php\\\/2022\\\/05\\\/05\\\/ascension-du-mont-royal-par-la-face-nord\\\/#primaryimage\",\"url\":\"https:\\\/\\\/gwendreams.com\\\/wp-content\\\/uploads\\\/2022\\\/04\\\/pexels-photo-634255.jpeg\",\"contentUrl\":\"https:\\\/\\\/gwendreams.com\\\/wp-content\\\/uploads\\\/2022\\\/04\\\/pexels-photo-634255.jpeg\",\"width\":1880,\"height\":1245,\"caption\":\"Photo by anne sch on Pexels.com\"},{\"@type\":\"BreadcrumbList\",\"@id\":\"https:\\\/\\\/gwendreams.com\\\/index.php\\\/2022\\\/05\\\/05\\\/ascension-du-mont-royal-par-la-face-nord\\\/#breadcrumb\",\"itemListElement\":[{\"@type\":\"ListItem\",\"position\":1,\"name\":\"Accueil\",\"item\":\"https:\\\/\\\/gwendreams.com\\\/\"},{\"@type\":\"ListItem\",\"position\":2,\"name\":\"Ascension du Mont Royal par la face Nord\"}]},{\"@type\":\"WebSite\",\"@id\":\"https:\\\/\\\/gwendreams.com\\\/#website\",\"url\":\"https:\\\/\\\/gwendreams.com\\\/\",\"name\":\"Gwendreams\",\"description\":\"Tout un monde \u00e0 d\u00e9couvrir !\",\"potentialAction\":[{\"@type\":\"SearchAction\",\"target\":{\"@type\":\"EntryPoint\",\"urlTemplate\":\"https:\\\/\\\/gwendreams.com\\\/?s={search_term_string}\"},\"query-input\":{\"@type\":\"PropertyValueSpecification\",\"valueRequired\":true,\"valueName\":\"search_term_string\"}}],\"inLanguage\":\"fr-FR\"},{\"@type\":\"Person\",\"@id\":\"https:\\\/\\\/gwendreams.com\\\/#\\\/schema\\\/person\\\/429973fade4190e911c3e54b349d4313\",\"name\":\"gwendreams\",\"image\":{\"@type\":\"ImageObject\",\"inLanguage\":\"fr-FR\",\"@id\":\"https:\\\/\\\/secure.gravatar.com\\\/avatar\\\/435de2e1853a612a837bb6b7ba04bb89afb07076c9e0b604624262d0cdc1172c?s=96&d=blank&r=g\",\"url\":\"https:\\\/\\\/secure.gravatar.com\\\/avatar\\\/435de2e1853a612a837bb6b7ba04bb89afb07076c9e0b604624262d0cdc1172c?s=96&d=blank&r=g\",\"contentUrl\":\"https:\\\/\\\/secure.gravatar.com\\\/avatar\\\/435de2e1853a612a837bb6b7ba04bb89afb07076c9e0b604624262d0cdc1172c?s=96&d=blank&r=g\",\"caption\":\"gwendreams\"},\"description\":\"\u00c9crivain, \u00e9conomiste et traductrice, globe-trotteur et polyglotte, mes passions englobent la litt\u00e9rature, les montagnes, la botanique, les grottes et l\u2019arch\u00e9ologie. Adepte du slow travel, je passe actuellement une large partie de mon temps \u00e0 explorer l'Europe.\",\"sameAs\":[\"http:\\\/\\\/www.gwendreams.com\",\"https:\\\/\\\/www.facebook.com\\\/Gwendreams-610167779409276\\\/?modal=admin_todo_tour\",\"https:\\\/\\\/www.instagram.com\\\/soleilgris2019\\\/?hl=en\"],\"url\":\"https:\\\/\\\/gwendreams.com\\\/index.php\\\/author\\\/cg234562-ovh\\\/\"}]}<\/script>\n<!-- \/ Yoast SEO plugin. -->","yoast_head_json":{"title":"Ascension du Mont Royal par la face Nord - Gwendreams","robots":{"index":"index","follow":"follow","max-snippet":"max-snippet:-1","max-image-preview":"max-image-preview:large","max-video-preview":"max-video-preview:-1"},"canonical":"https:\/\/gwendreams.com\/index.php\/2022\/05\/05\/ascension-du-mont-royal-par-la-face-nord\/","og_locale":"fr_FR","og_type":"article","og_title":"Ascension du Mont Royal par la face Nord - Gwendreams","og_description":"Dans la s\u00e9rie C&rsquo;\u00e9tait il y a 14 ans\u2013\u00a0Archive Qu\u00e9bec, 5 mai 2008. Au milieu de la ville tr\u00f4ne le parc, le parc du Mont Royal, vaste enclave semi-sauvage dans la grande ville. C&rsquo;est bois\u00e9, rocheux, vert. Une escapade hors de la civilisation, tout pr\u00e8s, \u00e0 un jet de pierre&#8230;","og_url":"https:\/\/gwendreams.com\/index.php\/2022\/05\/05\/ascension-du-mont-royal-par-la-face-nord\/","og_site_name":"Gwendreams","article_publisher":"https:\/\/www.facebook.com\/profile.php?id=100063791695285","article_author":"https:\/\/www.facebook.com\/Gwendreams-610167779409276\/?modal=admin_todo_tour","article_published_time":"2022-05-05T08:00:00+00:00","og_image":[{"width":1880,"height":1245,"url":"https:\/\/gwendreams.com\/wp-content\/uploads\/2022\/04\/pexels-photo-634255.jpeg","type":"image\/jpeg"}],"author":"gwendreams","twitter_card":"summary_large_image","twitter_misc":{"\u00c9crit par":"gwendreams","Dur\u00e9e de lecture estim\u00e9e":"2 minutes"},"schema":{"@context":"https:\/\/schema.org","@graph":[{"@type":"Article","@id":"https:\/\/gwendreams.com\/index.php\/2022\/05\/05\/ascension-du-mont-royal-par-la-face-nord\/#article","isPartOf":{"@id":"https:\/\/gwendreams.com\/index.php\/2022\/05\/05\/ascension-du-mont-royal-par-la-face-nord\/"},"author":{"name":"gwendreams","@id":"https:\/\/gwendreams.com\/#\/schema\/person\/429973fade4190e911c3e54b349d4313"},"headline":"Ascension du Mont Royal par la face Nord","datePublished":"2022-05-05T08:00:00+00:00","mainEntityOfPage":{"@id":"https:\/\/gwendreams.com\/index.php\/2022\/05\/05\/ascension-du-mont-royal-par-la-face-nord\/"},"wordCount":262,"commentCount":0,"image":{"@id":"https:\/\/gwendreams.com\/index.php\/2022\/05\/05\/ascension-du-mont-royal-par-la-face-nord\/#primaryimage"},"thumbnailUrl":"https:\/\/gwendreams.com\/wp-content\/uploads\/2022\/04\/pexels-photo-634255.jpeg","articleSection":["Animaux","Canada","Flore et nature","Qu\u00e9bec","Voyages"],"inLanguage":"fr-FR","potentialAction":[{"@type":"CommentAction","name":"Comment","target":["https:\/\/gwendreams.com\/index.php\/2022\/05\/05\/ascension-du-mont-royal-par-la-face-nord\/#respond"]}]},{"@type":"WebPage","@id":"https:\/\/gwendreams.com\/index.php\/2022\/05\/05\/ascension-du-mont-royal-par-la-face-nord\/","url":"https:\/\/gwendreams.com\/index.php\/2022\/05\/05\/ascension-du-mont-royal-par-la-face-nord\/","name":"Ascension du Mont Royal par la face Nord - Gwendreams","isPartOf":{"@id":"https:\/\/gwendreams.com\/#website"},"primaryImageOfPage":{"@id":"https:\/\/gwendreams.com\/index.php\/2022\/05\/05\/ascension-du-mont-royal-par-la-face-nord\/#primaryimage"},"image":{"@id":"https:\/\/gwendreams.com\/index.php\/2022\/05\/05\/ascension-du-mont-royal-par-la-face-nord\/#primaryimage"},"thumbnailUrl":"https:\/\/gwendreams.com\/wp-content\/uploads\/2022\/04\/pexels-photo-634255.jpeg","datePublished":"2022-05-05T08:00:00+00:00","author":{"@id":"https:\/\/gwendreams.com\/#\/schema\/person\/429973fade4190e911c3e54b349d4313"},"breadcrumb":{"@id":"https:\/\/gwendreams.com\/index.php\/2022\/05\/05\/ascension-du-mont-royal-par-la-face-nord\/#breadcrumb"},"inLanguage":"fr-FR","potentialAction":[{"@type":"ReadAction","target":["https:\/\/gwendreams.com\/index.php\/2022\/05\/05\/ascension-du-mont-royal-par-la-face-nord\/"]}]},{"@type":"ImageObject","inLanguage":"fr-FR","@id":"https:\/\/gwendreams.com\/index.php\/2022\/05\/05\/ascension-du-mont-royal-par-la-face-nord\/#primaryimage","url":"https:\/\/gwendreams.com\/wp-content\/uploads\/2022\/04\/pexels-photo-634255.jpeg","contentUrl":"https:\/\/gwendreams.com\/wp-content\/uploads\/2022\/04\/pexels-photo-634255.jpeg","width":1880,"height":1245,"caption":"Photo by anne sch on Pexels.com"},{"@type":"BreadcrumbList","@id":"https:\/\/gwendreams.com\/index.php\/2022\/05\/05\/ascension-du-mont-royal-par-la-face-nord\/#breadcrumb","itemListElement":[{"@type":"ListItem","position":1,"name":"Accueil","item":"https:\/\/gwendreams.com\/"},{"@type":"ListItem","position":2,"name":"Ascension du Mont Royal par la face Nord"}]},{"@type":"WebSite","@id":"https:\/\/gwendreams.com\/#website","url":"https:\/\/gwendreams.com\/","name":"Gwendreams","description":"Tout un monde \u00e0 d\u00e9couvrir !","potentialAction":[{"@type":"SearchAction","target":{"@type":"EntryPoint","urlTemplate":"https:\/\/gwendreams.com\/?s={search_term_string}"},"query-input":{"@type":"PropertyValueSpecification","valueRequired":true,"valueName":"search_term_string"}}],"inLanguage":"fr-FR"},{"@type":"Person","@id":"https:\/\/gwendreams.com\/#\/schema\/person\/429973fade4190e911c3e54b349d4313","name":"gwendreams","image":{"@type":"ImageObject","inLanguage":"fr-FR","@id":"https:\/\/secure.gravatar.com\/avatar\/435de2e1853a612a837bb6b7ba04bb89afb07076c9e0b604624262d0cdc1172c?s=96&d=blank&r=g","url":"https:\/\/secure.gravatar.com\/avatar\/435de2e1853a612a837bb6b7ba04bb89afb07076c9e0b604624262d0cdc1172c?s=96&d=blank&r=g","contentUrl":"https:\/\/secure.gravatar.com\/avatar\/435de2e1853a612a837bb6b7ba04bb89afb07076c9e0b604624262d0cdc1172c?s=96&d=blank&r=g","caption":"gwendreams"},"description":"\u00c9crivain, \u00e9conomiste et traductrice, globe-trotteur et polyglotte, mes passions englobent la litt\u00e9rature, les montagnes, la botanique, les grottes et l\u2019arch\u00e9ologie. Adepte du slow travel, je passe actuellement une large partie de mon temps \u00e0 explorer l'Europe.","sameAs":["http:\/\/www.gwendreams.com","https:\/\/www.facebook.com\/Gwendreams-610167779409276\/?modal=admin_todo_tour","https:\/\/www.instagram.com\/soleilgris2019\/?hl=en"],"url":"https:\/\/gwendreams.com\/index.php\/author\/cg234562-ovh\/"}]}},"jetpack_featured_media_url":"https:\/\/gwendreams.com\/wp-content\/uploads\/2022\/04\/pexels-photo-634255.jpeg","jetpack_sharing_enabled":true,"_links":{"self":[{"href":"https:\/\/gwendreams.com\/index.php\/wp-json\/wp\/v2\/posts\/4186","targetHints":{"allow":["GET"]}}],"collection":[{"href":"https:\/\/gwendreams.com\/index.php\/wp-json\/wp\/v2\/posts"}],"about":[{"href":"https:\/\/gwendreams.com\/index.php\/wp-json\/wp\/v2\/types\/post"}],"author":[{"embeddable":true,"href":"https:\/\/gwendreams.com\/index.php\/wp-json\/wp\/v2\/users\/1"}],"replies":[{"embeddable":true,"href":"https:\/\/gwendreams.com\/index.php\/wp-json\/wp\/v2\/comments?post=4186"}],"version-history":[{"count":1,"href":"https:\/\/gwendreams.com\/index.php\/wp-json\/wp\/v2\/posts\/4186\/revisions"}],"predecessor-version":[{"id":4188,"href":"https:\/\/gwendreams.com\/index.php\/wp-json\/wp\/v2\/posts\/4186\/revisions\/4188"}],"wp:featuredmedia":[{"embeddable":true,"href":"https:\/\/gwendreams.com\/index.php\/wp-json\/wp\/v2\/media\/4187"}],"wp:attachment":[{"href":"https:\/\/gwendreams.com\/index.php\/wp-json\/wp\/v2\/media?parent=4186"}],"wp:term":[{"taxonomy":"category","embeddable":true,"href":"https:\/\/gwendreams.com\/index.php\/wp-json\/wp\/v2\/categories?post=4186"},{"taxonomy":"post_tag","embeddable":true,"href":"https:\/\/gwendreams.com\/index.php\/wp-json\/wp\/v2\/tags?post=4186"}],"curies":[{"name":"wp","href":"https:\/\/api.w.org\/{rel}","templated":true}]}}