{"id":4279,"date":"2023-02-21T20:53:57","date_gmt":"2023-02-21T19:53:57","guid":{"rendered":"https:\/\/gwendreams.com\/?p=4279"},"modified":"2023-11-01T14:55:33","modified_gmt":"2023-11-01T13:55:33","slug":"plein-sud","status":"publish","type":"post","link":"https:\/\/gwendreams.com\/index.php\/2023\/02\/21\/plein-sud\/","title":{"rendered":"Plein sud"},"content":{"rendered":"\n<p class=\"has-text-align-justify\">Il a fallu quelques heures pour tout pr\u00e9parer et fermer l\u2019appartement. Pour reprendre la route. Direction le sud, en ligne droite. Jusqu\u2019\u00e0 Saragosse, que du connu. Rien de tr\u00e8s beau tout d\u2019abord, mais c\u2019est d\u00e9j\u00e0 l\u2019Espagne de l\u2019int\u00e9rieur, sans le moindre doute.<\/p>\n\n\n<div class=\"wp-block-image\">\n<figure class=\"alignleft is-resized\"><img loading=\"lazy\" decoding=\"async\" width=\"1254\" height=\"1672\" src=\"https:\/\/gwendreams.com\/wp-content\/uploads\/2023\/02\/20230221_180427-rotated.jpg\" alt=\"\" class=\"wp-image-4282\" style=\"width:226px;height:301px\" srcset=\"https:\/\/gwendreams.com\/wp-content\/uploads\/2023\/02\/20230221_180427-rotated.jpg 1254w, https:\/\/gwendreams.com\/wp-content\/uploads\/2023\/02\/20230221_180427-225x300.jpg 225w, https:\/\/gwendreams.com\/wp-content\/uploads\/2023\/02\/20230221_180427-768x1024.jpg 768w, https:\/\/gwendreams.com\/wp-content\/uploads\/2023\/02\/20230221_180427-1152x1536.jpg 1152w\" sizes=\"auto, (max-width: 1254px) 100vw, 1254px\" \/><\/figure>\n<\/div>\n\n\n<p class=\"has-text-align-justify\">Il a fallu passer les environs de cette ville pour rencontrer les premi\u00e8res surprises. Heureusement, il y a quand m\u00eame l\u2019Ebre qui coule, sauvage et fier, sortant parfois de son lit. Heureusement, l\u2019histoire antique applique une couche de joli vernis sur un pr\u00e9sent parfois un peu triste. Ou pas, si l\u2019on en croit les r\u00e9cits des nuits de f\u00eates &#8230; Heureusement, les noms ici font r\u00eaver, dans toute leur diversit\u00e9.<\/p>\n\n\n\n<p class=\"has-text-align-justify\">Les sols aux alentours de la grande ville semblent victimes de la folie des hommes. Nus, ayant perdu leurs couleurs et leur v\u00e9g\u00e9tation. Le ciel m\u00eame est encombr\u00e9 des fum\u00e9es des usines, de la pollution urbaine, des br\u00fblis de bords de champs.<\/p>\n\n\n\n<p class=\"has-text-align-justify\">Mais des surprises ? Le long de l\u2019autoroute menant \u00e0 Madrid, ce berger menant son troupeau de moutons, le chien \u00e0 ses c\u00f4t\u00e9s, un \u00e2ne suivant l\u2019ensemble, charg\u00e9 d\u2019un b\u00e2t. L\u2019embl\u00e9matique silhouette du noir taureau se d\u00e9coupant sur une \u00e9minence. Les premiers arbres en fleurs, sans doute des amandiers.<\/p>\n\n\n<div class=\"wp-block-image\">\n<figure class=\"alignright size-large is-resized\"><img loading=\"lazy\" decoding=\"async\" width=\"1024\" height=\"768\" src=\"https:\/\/gwendreams.com\/wp-content\/uploads\/2023\/02\/20230221_180513-2-1024x768.jpg\" alt=\"\" class=\"wp-image-4289\" style=\"width:270px;height:203px\" srcset=\"https:\/\/gwendreams.com\/wp-content\/uploads\/2023\/02\/20230221_180513-2-1024x768.jpg 1024w, https:\/\/gwendreams.com\/wp-content\/uploads\/2023\/02\/20230221_180513-2-300x225.jpg 300w, https:\/\/gwendreams.com\/wp-content\/uploads\/2023\/02\/20230221_180513-2-768x576.jpg 768w, https:\/\/gwendreams.com\/wp-content\/uploads\/2023\/02\/20230221_180513-2-1536x1152.jpg 1536w, https:\/\/gwendreams.com\/wp-content\/uploads\/2023\/02\/20230221_180513-2.jpg 1672w\" sizes=\"auto, (max-width: 1024px) 100vw, 1024px\" \/><\/figure>\n<\/div>\n\n\n<p class=\"has-text-align-justify\">Puis la po\u00e9sie s\u2019en m\u00e8le. De lourds nuages noirs succ\u00e8dent aux ciels enfum\u00e9s. La terre de plus en plus rouge. Des vergers fleuris d\u2019un horizon \u00e0 l\u2019autre, dans des tons de rose p\u00e2le. Une tour ronde qui vient coiffer une haute colline. Un \u00e9pervier pique vers le ravin, sans se soucier des humains trop press\u00e9s. L\u2019odeur poussi\u00e9reuse de la pluie entre par la fen\u00eatre. Ici, il ne pleut pas si souvent. La route coupe dans la roche, une coupe nette, droite, qui laisse voir tous les plis et replis de l\u2019\u00e9piderme terrestre. Arros\u00e9s par la pluie, ces rochers prennent d\u2019incroyables couleurs, comme un arc-en-ciel min\u00e9ral g\u00e9n\u00e9ralement invisible, parfois r\u00e9v\u00e9l\u00e9.<\/p>\n\n\n\n<p>C\u2019est la magie de la route, toujours renouvel\u00e9e.<\/p>\n\n\n<div class=\"wp-block-image\">\n<figure class=\"alignleft is-resized\"><img loading=\"lazy\" decoding=\"async\" width=\"1639\" height=\"1279\" src=\"https:\/\/gwendreams.com\/wp-content\/uploads\/2023\/02\/20230221_180930.jpg\" alt=\"\" class=\"wp-image-4284\" style=\"width:190px;height:147px\" srcset=\"https:\/\/gwendreams.com\/wp-content\/uploads\/2023\/02\/20230221_180930.jpg 1639w, https:\/\/gwendreams.com\/wp-content\/uploads\/2023\/02\/20230221_180930-300x234.jpg 300w, https:\/\/gwendreams.com\/wp-content\/uploads\/2023\/02\/20230221_180930-1024x799.jpg 1024w, https:\/\/gwendreams.com\/wp-content\/uploads\/2023\/02\/20230221_180930-768x599.jpg 768w, https:\/\/gwendreams.com\/wp-content\/uploads\/2023\/02\/20230221_180930-1536x1199.jpg 1536w\" sizes=\"auto, (max-width: 1639px) 100vw, 1639px\" \/><\/figure>\n<\/div>\n\n\n<p class=\"has-text-align-justify\">L\u2019\u00e9tape sera courte, cependant. Un d\u00e9tour r\u00e9v\u00e8le un site qui ne me conviendra pas pour dormir, mais j\u2019admire au passage le magnifique monast\u00e8re cistercien fortifi\u00e9. Puis les hasards du jour me m\u00e8nent \u00e0 Medinaceli, au pass\u00e9 romain avant d\u2019\u00eatre maure, au charme intact dans le silence de la morte saison. Seuls se font entendre les cloches de l\u2019\u00e9glise et les choucas revenus pour la nuit sur ses hauteurs. <\/p>\n\n\n\n<p class=\"has-text-align-justify\">Se perdre dans ce village est une chance, tout y est motif \u00e0 \u00e9merveillement, de l\u2019architecture aux ruelles, des vues aux fa\u00e7ades v\u00e9g\u00e9tales. La nuit sera froide, mais douce comme une nuit de voyage.<\/p>\n\n\n\n<p class=\"has-text-align-justify\">L\u2019Espagne, toujours, aux pass\u00e9s multiples et entrem\u00eal\u00e9s, au pr\u00e9sent multiforme et complexe. Aux charmes in\u00e9puisables pour qui sait l\u2019aimer.<\/p>\n\n\n\n<p>Pour suivre ce voyage sur la <a href=\"https:\/\/gwendreams.com\/index.php\/les-voyages\/cartes\/\" target=\"_blank\" rel=\"noreferrer noopener\">carte<\/a>, cliquez sur <a href=\"https:\/\/www.google.com\/maps\/d\/edit?mid=19dFQkLIcdbHbsM3AgqpWXa74X8BLE80&amp;usp=sharing\" target=\"_blank\" rel=\"noreferrer noopener\">voyage en Espagne 2023<\/a> : \u00e9tape de A vers B.<\/p>\n\n\n\n<p>\u00a9 Gwen Caillet 2023 \u2013 Tous droits r\u00e9serv\u00e9s.<\/p>\n","protected":false},"excerpt":{"rendered":"<p>Il a fallu quelques heures pour tout pr\u00e9parer et fermer l\u2019appartement. Pour reprendre la route. Direction le sud, en ligne droite. Jusqu\u2019\u00e0 Saragosse, que du connu. Rien de tr\u00e8s beau tout d\u2019abord, mais c\u2019est d\u00e9j\u00e0 l\u2019Espagne de l\u2019int\u00e9rieur, sans le moindre doute. Il a fallu passer les environs de cette&#8230;<\/p>\n<div class=\"more-link-wrapper\"><a class=\"more-link\" href=\"https:\/\/gwendreams.com\/index.php\/2023\/02\/21\/plein-sud\/\">Continuer la lecture<span class=\"screen-reader-text\">Plein sud<\/span><\/a><\/div>\n","protected":false},"author":1,"featured_media":4285,"comment_status":"open","ping_status":"open","sticky":true,"template":"","format":"standard","meta":{"jetpack_post_was_ever_published":false,"_jetpack_newsletter_access":"","_jetpack_dont_email_post_to_subs":false,"_jetpack_newsletter_tier_id":0,"_jetpack_memberships_contains_paywalled_content":false,"iawp_total_views":3,"_jetpack_memberships_contains_paid_content":false,"footnotes":""},"categories":[3,23,13,17],"tags":[],"class_list":["post-4279","post","type-post","status-publish","format-standard","has-post-thumbnail","hentry","category-archeologie","category-espagne","category-patrimoine","category-voyages","entry"],"yoast_head":"<!-- This site is optimized with the Yoast SEO plugin v27.3 - https:\/\/yoast.com\/product\/yoast-seo-wordpress\/ -->\n<title>Plein sud - Gwendreams<\/title>\n<meta name=\"description\" content=\"voyage Espagne Medinaceli sud gwendreams vanlife fourgon am\u00e9nag\u00e9 nature culture chemin chamion montagnes mer ocean\" \/>\n<meta name=\"robots\" content=\"index, follow, max-snippet:-1, max-image-preview:large, max-video-preview:-1\" \/>\n<link rel=\"canonical\" href=\"https:\/\/gwendreams.com\/index.php\/2023\/02\/21\/plein-sud\/\" \/>\n<meta property=\"og:locale\" content=\"fr_FR\" \/>\n<meta property=\"og:type\" content=\"article\" \/>\n<meta property=\"og:title\" content=\"Plein sud - Gwendreams\" \/>\n<meta property=\"og:url\" content=\"https:\/\/gwendreams.com\/index.php\/2023\/02\/21\/plein-sud\/\" \/>\n<meta property=\"og:site_name\" content=\"Gwendreams\" \/>\n<meta property=\"article:publisher\" content=\"https:\/\/www.facebook.com\/profile.php?id=100063791695285\" \/>\n<meta property=\"article:author\" content=\"https:\/\/www.facebook.com\/Gwendreams-610167779409276\/?modal=admin_todo_tour\" \/>\n<meta property=\"article:published_time\" content=\"2023-02-21T19:53:57+00:00\" \/>\n<meta property=\"article:modified_time\" content=\"2023-11-01T13:55:33+00:00\" \/>\n<meta property=\"og:image\" content=\"https:\/\/gwendreams.com\/wp-content\/uploads\/2023\/02\/20230221_181245.jpg\" \/>\n\t<meta property=\"og:image:width\" content=\"1672\" \/>\n\t<meta property=\"og:image:height\" content=\"1254\" \/>\n\t<meta property=\"og:image:type\" content=\"image\/jpeg\" \/>\n<meta name=\"author\" content=\"gwendreams\" \/>\n<meta name=\"twitter:card\" content=\"summary_large_image\" \/>\n<meta name=\"twitter:label1\" content=\"\u00c9crit par\" \/>\n\t<meta name=\"twitter:data1\" content=\"gwendreams\" \/>\n\t<meta name=\"twitter:label2\" content=\"Dur\u00e9e de lecture estim\u00e9e\" \/>\n\t<meta name=\"twitter:data2\" content=\"3 minutes\" \/>\n<script type=\"application\/ld+json\" class=\"yoast-schema-graph\">{\"@context\":\"https:\\\/\\\/schema.org\",\"@graph\":[{\"@type\":\"Article\",\"@id\":\"https:\\\/\\\/gwendreams.com\\\/index.php\\\/2023\\\/02\\\/21\\\/plein-sud\\\/#article\",\"isPartOf\":{\"@id\":\"https:\\\/\\\/gwendreams.com\\\/index.php\\\/2023\\\/02\\\/21\\\/plein-sud\\\/\"},\"author\":{\"name\":\"gwendreams\",\"@id\":\"https:\\\/\\\/gwendreams.com\\\/#\\\/schema\\\/person\\\/429973fade4190e911c3e54b349d4313\"},\"headline\":\"Plein sud\",\"datePublished\":\"2023-02-21T19:53:57+00:00\",\"dateModified\":\"2023-11-01T13:55:33+00:00\",\"mainEntityOfPage\":{\"@id\":\"https:\\\/\\\/gwendreams.com\\\/index.php\\\/2023\\\/02\\\/21\\\/plein-sud\\\/\"},\"wordCount\":534,\"commentCount\":0,\"image\":{\"@id\":\"https:\\\/\\\/gwendreams.com\\\/index.php\\\/2023\\\/02\\\/21\\\/plein-sud\\\/#primaryimage\"},\"thumbnailUrl\":\"https:\\\/\\\/gwendreams.com\\\/wp-content\\\/uploads\\\/2023\\\/02\\\/20230221_181245.jpg\",\"articleSection\":[\"arch\u00e9ologie\",\"Espagne\",\"Patrimoine\",\"Voyages\"],\"inLanguage\":\"fr-FR\",\"potentialAction\":[{\"@type\":\"CommentAction\",\"name\":\"Comment\",\"target\":[\"https:\\\/\\\/gwendreams.com\\\/index.php\\\/2023\\\/02\\\/21\\\/plein-sud\\\/#respond\"]}]},{\"@type\":\"WebPage\",\"@id\":\"https:\\\/\\\/gwendreams.com\\\/index.php\\\/2023\\\/02\\\/21\\\/plein-sud\\\/\",\"url\":\"https:\\\/\\\/gwendreams.com\\\/index.php\\\/2023\\\/02\\\/21\\\/plein-sud\\\/\",\"name\":\"Plein sud - Gwendreams\",\"isPartOf\":{\"@id\":\"https:\\\/\\\/gwendreams.com\\\/#website\"},\"primaryImageOfPage\":{\"@id\":\"https:\\\/\\\/gwendreams.com\\\/index.php\\\/2023\\\/02\\\/21\\\/plein-sud\\\/#primaryimage\"},\"image\":{\"@id\":\"https:\\\/\\\/gwendreams.com\\\/index.php\\\/2023\\\/02\\\/21\\\/plein-sud\\\/#primaryimage\"},\"thumbnailUrl\":\"https:\\\/\\\/gwendreams.com\\\/wp-content\\\/uploads\\\/2023\\\/02\\\/20230221_181245.jpg\",\"datePublished\":\"2023-02-21T19:53:57+00:00\",\"dateModified\":\"2023-11-01T13:55:33+00:00\",\"author\":{\"@id\":\"https:\\\/\\\/gwendreams.com\\\/#\\\/schema\\\/person\\\/429973fade4190e911c3e54b349d4313\"},\"description\":\"voyage Espagne Medinaceli sud gwendreams vanlife fourgon am\u00e9nag\u00e9 nature culture chemin chamion montagnes mer ocean\",\"breadcrumb\":{\"@id\":\"https:\\\/\\\/gwendreams.com\\\/index.php\\\/2023\\\/02\\\/21\\\/plein-sud\\\/#breadcrumb\"},\"inLanguage\":\"fr-FR\",\"potentialAction\":[{\"@type\":\"ReadAction\",\"target\":[\"https:\\\/\\\/gwendreams.com\\\/index.php\\\/2023\\\/02\\\/21\\\/plein-sud\\\/\"]}]},{\"@type\":\"ImageObject\",\"inLanguage\":\"fr-FR\",\"@id\":\"https:\\\/\\\/gwendreams.com\\\/index.php\\\/2023\\\/02\\\/21\\\/plein-sud\\\/#primaryimage\",\"url\":\"https:\\\/\\\/gwendreams.com\\\/wp-content\\\/uploads\\\/2023\\\/02\\\/20230221_181245.jpg\",\"contentUrl\":\"https:\\\/\\\/gwendreams.com\\\/wp-content\\\/uploads\\\/2023\\\/02\\\/20230221_181245.jpg\",\"width\":1672,\"height\":1254},{\"@type\":\"BreadcrumbList\",\"@id\":\"https:\\\/\\\/gwendreams.com\\\/index.php\\\/2023\\\/02\\\/21\\\/plein-sud\\\/#breadcrumb\",\"itemListElement\":[{\"@type\":\"ListItem\",\"position\":1,\"name\":\"Accueil\",\"item\":\"https:\\\/\\\/gwendreams.com\\\/\"},{\"@type\":\"ListItem\",\"position\":2,\"name\":\"Plein sud\"}]},{\"@type\":\"WebSite\",\"@id\":\"https:\\\/\\\/gwendreams.com\\\/#website\",\"url\":\"https:\\\/\\\/gwendreams.com\\\/\",\"name\":\"Gwendreams\",\"description\":\"Tout un monde \u00e0 d\u00e9couvrir !\",\"potentialAction\":[{\"@type\":\"SearchAction\",\"target\":{\"@type\":\"EntryPoint\",\"urlTemplate\":\"https:\\\/\\\/gwendreams.com\\\/?s={search_term_string}\"},\"query-input\":{\"@type\":\"PropertyValueSpecification\",\"valueRequired\":true,\"valueName\":\"search_term_string\"}}],\"inLanguage\":\"fr-FR\"},{\"@type\":\"Person\",\"@id\":\"https:\\\/\\\/gwendreams.com\\\/#\\\/schema\\\/person\\\/429973fade4190e911c3e54b349d4313\",\"name\":\"gwendreams\",\"image\":{\"@type\":\"ImageObject\",\"inLanguage\":\"fr-FR\",\"@id\":\"https:\\\/\\\/secure.gravatar.com\\\/avatar\\\/435de2e1853a612a837bb6b7ba04bb89afb07076c9e0b604624262d0cdc1172c?s=96&d=blank&r=g\",\"url\":\"https:\\\/\\\/secure.gravatar.com\\\/avatar\\\/435de2e1853a612a837bb6b7ba04bb89afb07076c9e0b604624262d0cdc1172c?s=96&d=blank&r=g\",\"contentUrl\":\"https:\\\/\\\/secure.gravatar.com\\\/avatar\\\/435de2e1853a612a837bb6b7ba04bb89afb07076c9e0b604624262d0cdc1172c?s=96&d=blank&r=g\",\"caption\":\"gwendreams\"},\"description\":\"\u00c9crivain, \u00e9conomiste et traductrice, globe-trotteur et polyglotte, mes passions englobent la litt\u00e9rature, les montagnes, la botanique, les grottes et l\u2019arch\u00e9ologie. Adepte du slow travel, je passe actuellement une large partie de mon temps \u00e0 explorer l'Europe.\",\"sameAs\":[\"http:\\\/\\\/www.gwendreams.com\",\"https:\\\/\\\/www.facebook.com\\\/Gwendreams-610167779409276\\\/?modal=admin_todo_tour\",\"https:\\\/\\\/www.instagram.com\\\/soleilgris2019\\\/?hl=en\"],\"url\":\"https:\\\/\\\/gwendreams.com\\\/index.php\\\/author\\\/cg234562-ovh\\\/\"}]}<\/script>\n<!-- \/ Yoast SEO plugin. -->","yoast_head_json":{"title":"Plein sud - Gwendreams","description":"voyage Espagne Medinaceli sud gwendreams vanlife fourgon am\u00e9nag\u00e9 nature culture chemin chamion montagnes mer ocean","robots":{"index":"index","follow":"follow","max-snippet":"max-snippet:-1","max-image-preview":"max-image-preview:large","max-video-preview":"max-video-preview:-1"},"canonical":"https:\/\/gwendreams.com\/index.php\/2023\/02\/21\/plein-sud\/","og_locale":"fr_FR","og_type":"article","og_title":"Plein sud - Gwendreams","og_url":"https:\/\/gwendreams.com\/index.php\/2023\/02\/21\/plein-sud\/","og_site_name":"Gwendreams","article_publisher":"https:\/\/www.facebook.com\/profile.php?id=100063791695285","article_author":"https:\/\/www.facebook.com\/Gwendreams-610167779409276\/?modal=admin_todo_tour","article_published_time":"2023-02-21T19:53:57+00:00","article_modified_time":"2023-11-01T13:55:33+00:00","og_image":[{"width":1672,"height":1254,"url":"https:\/\/gwendreams.com\/wp-content\/uploads\/2023\/02\/20230221_181245.jpg","type":"image\/jpeg"}],"author":"gwendreams","twitter_card":"summary_large_image","twitter_misc":{"\u00c9crit par":"gwendreams","Dur\u00e9e de lecture estim\u00e9e":"3 minutes"},"schema":{"@context":"https:\/\/schema.org","@graph":[{"@type":"Article","@id":"https:\/\/gwendreams.com\/index.php\/2023\/02\/21\/plein-sud\/#article","isPartOf":{"@id":"https:\/\/gwendreams.com\/index.php\/2023\/02\/21\/plein-sud\/"},"author":{"name":"gwendreams","@id":"https:\/\/gwendreams.com\/#\/schema\/person\/429973fade4190e911c3e54b349d4313"},"headline":"Plein sud","datePublished":"2023-02-21T19:53:57+00:00","dateModified":"2023-11-01T13:55:33+00:00","mainEntityOfPage":{"@id":"https:\/\/gwendreams.com\/index.php\/2023\/02\/21\/plein-sud\/"},"wordCount":534,"commentCount":0,"image":{"@id":"https:\/\/gwendreams.com\/index.php\/2023\/02\/21\/plein-sud\/#primaryimage"},"thumbnailUrl":"https:\/\/gwendreams.com\/wp-content\/uploads\/2023\/02\/20230221_181245.jpg","articleSection":["arch\u00e9ologie","Espagne","Patrimoine","Voyages"],"inLanguage":"fr-FR","potentialAction":[{"@type":"CommentAction","name":"Comment","target":["https:\/\/gwendreams.com\/index.php\/2023\/02\/21\/plein-sud\/#respond"]}]},{"@type":"WebPage","@id":"https:\/\/gwendreams.com\/index.php\/2023\/02\/21\/plein-sud\/","url":"https:\/\/gwendreams.com\/index.php\/2023\/02\/21\/plein-sud\/","name":"Plein sud - Gwendreams","isPartOf":{"@id":"https:\/\/gwendreams.com\/#website"},"primaryImageOfPage":{"@id":"https:\/\/gwendreams.com\/index.php\/2023\/02\/21\/plein-sud\/#primaryimage"},"image":{"@id":"https:\/\/gwendreams.com\/index.php\/2023\/02\/21\/plein-sud\/#primaryimage"},"thumbnailUrl":"https:\/\/gwendreams.com\/wp-content\/uploads\/2023\/02\/20230221_181245.jpg","datePublished":"2023-02-21T19:53:57+00:00","dateModified":"2023-11-01T13:55:33+00:00","author":{"@id":"https:\/\/gwendreams.com\/#\/schema\/person\/429973fade4190e911c3e54b349d4313"},"description":"voyage Espagne Medinaceli sud gwendreams vanlife fourgon am\u00e9nag\u00e9 nature culture chemin chamion montagnes mer ocean","breadcrumb":{"@id":"https:\/\/gwendreams.com\/index.php\/2023\/02\/21\/plein-sud\/#breadcrumb"},"inLanguage":"fr-FR","potentialAction":[{"@type":"ReadAction","target":["https:\/\/gwendreams.com\/index.php\/2023\/02\/21\/plein-sud\/"]}]},{"@type":"ImageObject","inLanguage":"fr-FR","@id":"https:\/\/gwendreams.com\/index.php\/2023\/02\/21\/plein-sud\/#primaryimage","url":"https:\/\/gwendreams.com\/wp-content\/uploads\/2023\/02\/20230221_181245.jpg","contentUrl":"https:\/\/gwendreams.com\/wp-content\/uploads\/2023\/02\/20230221_181245.jpg","width":1672,"height":1254},{"@type":"BreadcrumbList","@id":"https:\/\/gwendreams.com\/index.php\/2023\/02\/21\/plein-sud\/#breadcrumb","itemListElement":[{"@type":"ListItem","position":1,"name":"Accueil","item":"https:\/\/gwendreams.com\/"},{"@type":"ListItem","position":2,"name":"Plein sud"}]},{"@type":"WebSite","@id":"https:\/\/gwendreams.com\/#website","url":"https:\/\/gwendreams.com\/","name":"Gwendreams","description":"Tout un monde \u00e0 d\u00e9couvrir !","potentialAction":[{"@type":"SearchAction","target":{"@type":"EntryPoint","urlTemplate":"https:\/\/gwendreams.com\/?s={search_term_string}"},"query-input":{"@type":"PropertyValueSpecification","valueRequired":true,"valueName":"search_term_string"}}],"inLanguage":"fr-FR"},{"@type":"Person","@id":"https:\/\/gwendreams.com\/#\/schema\/person\/429973fade4190e911c3e54b349d4313","name":"gwendreams","image":{"@type":"ImageObject","inLanguage":"fr-FR","@id":"https:\/\/secure.gravatar.com\/avatar\/435de2e1853a612a837bb6b7ba04bb89afb07076c9e0b604624262d0cdc1172c?s=96&d=blank&r=g","url":"https:\/\/secure.gravatar.com\/avatar\/435de2e1853a612a837bb6b7ba04bb89afb07076c9e0b604624262d0cdc1172c?s=96&d=blank&r=g","contentUrl":"https:\/\/secure.gravatar.com\/avatar\/435de2e1853a612a837bb6b7ba04bb89afb07076c9e0b604624262d0cdc1172c?s=96&d=blank&r=g","caption":"gwendreams"},"description":"\u00c9crivain, \u00e9conomiste et traductrice, globe-trotteur et polyglotte, mes passions englobent la litt\u00e9rature, les montagnes, la botanique, les grottes et l\u2019arch\u00e9ologie. Adepte du slow travel, je passe actuellement une large partie de mon temps \u00e0 explorer l'Europe.","sameAs":["http:\/\/www.gwendreams.com","https:\/\/www.facebook.com\/Gwendreams-610167779409276\/?modal=admin_todo_tour","https:\/\/www.instagram.com\/soleilgris2019\/?hl=en"],"url":"https:\/\/gwendreams.com\/index.php\/author\/cg234562-ovh\/"}]}},"jetpack_featured_media_url":"https:\/\/gwendreams.com\/wp-content\/uploads\/2023\/02\/20230221_181245.jpg","jetpack_sharing_enabled":true,"_links":{"self":[{"href":"https:\/\/gwendreams.com\/index.php\/wp-json\/wp\/v2\/posts\/4279","targetHints":{"allow":["GET"]}}],"collection":[{"href":"https:\/\/gwendreams.com\/index.php\/wp-json\/wp\/v2\/posts"}],"about":[{"href":"https:\/\/gwendreams.com\/index.php\/wp-json\/wp\/v2\/types\/post"}],"author":[{"embeddable":true,"href":"https:\/\/gwendreams.com\/index.php\/wp-json\/wp\/v2\/users\/1"}],"replies":[{"embeddable":true,"href":"https:\/\/gwendreams.com\/index.php\/wp-json\/wp\/v2\/comments?post=4279"}],"version-history":[{"count":9,"href":"https:\/\/gwendreams.com\/index.php\/wp-json\/wp\/v2\/posts\/4279\/revisions"}],"predecessor-version":[{"id":5055,"href":"https:\/\/gwendreams.com\/index.php\/wp-json\/wp\/v2\/posts\/4279\/revisions\/5055"}],"wp:featuredmedia":[{"embeddable":true,"href":"https:\/\/gwendreams.com\/index.php\/wp-json\/wp\/v2\/media\/4285"}],"wp:attachment":[{"href":"https:\/\/gwendreams.com\/index.php\/wp-json\/wp\/v2\/media?parent=4279"}],"wp:term":[{"taxonomy":"category","embeddable":true,"href":"https:\/\/gwendreams.com\/index.php\/wp-json\/wp\/v2\/categories?post=4279"},{"taxonomy":"post_tag","embeddable":true,"href":"https:\/\/gwendreams.com\/index.php\/wp-json\/wp\/v2\/tags?post=4279"}],"curies":[{"name":"wp","href":"https:\/\/api.w.org\/{rel}","templated":true}]}}